[{"@context":"https:\/\/schema.org\/","@type":"Article","@id":"https:\/\/www.dyana.sk\/ozivenie-interieru\/#Article","mainEntityOfPage":"https:\/\/www.dyana.sk\/ozivenie-interieru\/","headline":"O\u017eivenie interi\u00e9ru","name":"O\u017eivenie interi\u00e9ru","description":"Va\u0161a ob\u00fdva\u010dka p\u00f4sob\u00ed mdlo? Nem\u00e1te v nej ni\u010d tak\u00e9 v\u00fdrazn\u00e9, \u010do by v\u00e1m alebo va\u0161im n\u00e1v\u0161tev\u00e1m vyrazilo dych? Nenach\u00e1dza sa tam \u017eiadny prvok, ktor\u00fd by","datePublished":"2020-10-20","dateModified":"2023-05-10","author":{"@type":"Person","@id":"https:\/\/www.dyana.sk\/author\/devene\/#Person","name":"devene","url":"https:\/\/www.dyana.sk\/author\/devene\/","identifier":1,"image":{"@type":"ImageObject","@id":"https:\/\/secure.gravatar.com\/avatar\/d61351daa6b4b113e92ed2d39ca84063b8a3419e3b611b82557c5b9e6ade1cef?s=96&d=mm&r=g","url":"https:\/\/secure.gravatar.com\/avatar\/d61351daa6b4b113e92ed2d39ca84063b8a3419e3b611b82557c5b9e6ade1cef?s=96&d=mm&r=g","height":96,"width":96}},"publisher":{"@type":"Organization","name":"dyana.sk","logo":{"@type":"ImageObject","@id":"\/logo.png","url":"\/logo.png","width":600,"height":60}},"image":{"@type":"ImageObject","@id":"https:\/\/www.dyana.sk\/wp-content\/uploads\/be-1303912_1920.jpg","url":"https:\/\/www.dyana.sk\/wp-content\/uploads\/be-1303912_1920.jpg","height":0,"width":0},"url":"https:\/\/www.dyana.sk\/ozivenie-interieru\/","about":["V\u00fdrobky"],"wordCount":415,"articleBody":"            Va\u0161a ob\u00fdva\u010dka p\u00f4sob\u00ed mdlo? Nem\u00e1te v nej ni\u010d tak\u00e9 v\u00fdrazn\u00e9, \u010do by v\u00e1m alebo va\u0161im n\u00e1v\u0161tev\u00e1m vyrazilo dych? Nenach\u00e1dza sa tam \u017eiadny prvok, ktor\u00fd by st\u00e1l za zmienku? Nejak\u00e1 dekor\u00e1cia, \u010do up\u00fata pozornos\u0165 a z\u00e1rove\u0148 p\u00f4sob\u00ed, \u017ee presne zapad\u00e1 do tejto miestnosti? Nie\u010do, o \u010dom by va\u0161a n\u00e1v\u0161teva mohla rozpr\u00e1va\u0165 in\u00fdm \u013eu\u010fom alebo, \u010do by si mohla zaobstara\u0165 tie\u017e? Nie\u010do, \u010d\u00edm by ste mohli in\u0161pirova\u0165 druh\u00fdch?Zariadi\u0165 si vlastn\u00fd domov nie je jednoduch\u00e9. Hoci be\u017en\u00fd \u010dlovek nem\u00e1 znalosti dekora\u010dn\u00e9ho in\u017einiera sna\u017e\u00ed sa robi\u0165 v\u0161etko, \u010do je v jeho sil\u00e1ch. Niekedy v\u0161ak nedok\u00e1\u017ee spr\u00e1vne odhadn\u00fa\u0165 ani to, \u010di sa dan\u00e1 podlaha bude hodi\u0165 k n\u00e1bytku v tej istej miestnosti. Potom vznikaj\u00fa r\u00f4zne kombin\u00e1cie, ktor\u00e9 d\u00e1vaj\u00fa n\u00e1v\u0161tevn\u00edkovi najavo, \u017ee takto to asi nemalo ve\u013emi by\u0165. V\u017edy sa sna\u017e\u00edme pri zaria\u010fovan\u00ed da\u0165 zo seba maximum, ale nie v\u017edy sa n\u00e1m to mus\u00ed aj podari\u0165. Nem\u00e1me predsa tak\u00e9 vzdelanie a n\u00e1pady z\u00edskavame len z vlastnej hlavy alebo z internetu. A na internete to s\u00edce m\u00f4\u017ee vyzera\u0165 pekne, no v skuto\u010dnosti to m\u00f4\u017ee by\u0165 hr\u00f4za.Ako teda vkusne zariadi\u0165 napr\u00edklad ob\u00fdva\u010dku a z\u00e1rove\u0148 zanecha\u0165 jej osobit\u00fd \u0161t\u00fdl? Neutr\u00e1lne a zemit\u00e9 farby, v\u0161etko v jednom odtieni dreva a ni\u010d v\u00fdrazn\u00e9. Mysleli ste si, \u017ee si k\u00fapite nejak\u00e9 v\u00fdrazn\u00e9 doplnky a pr\u00e1ve nimi t\u00fato miestnos\u0165 o\u017eiv\u00edte. \u010co keby ste v\u0161ak siahli po elegantnom a vkusnom n\u00e1bytku v podobe modrej seda\u010dky? Modr\u00e1 dod\u00e1 va\u0161ej ob\u00fdvacej izbe ten spr\u00e1vny \u0161mrnc. Nie je tuctov\u00e1 a z\u00e1rove\u0148 sa d\u00e1 perfektne zaradi\u0165 do be\u017enej ob\u00fdva\u010dky. Skr\u00e1tka modr\u00e1 je dobr\u00e1. Modrou nepokaz\u00edte \u017eiadny dizajn, ktor\u00fd ste mali v \u00famysle v tejto miestnosti dosiahnu\u0165. Nemusia by\u0165 v \u017eiariv\u00fdch farb\u00e1ch len doplnky, ale za\u017eiari\u0165 m\u00f4\u017ee aj tak\u00fdto v\u00e4\u010d\u0161\u00ed k\u00fasok n\u00e1bytku. Nie je to nie\u010do, \u010do m\u00e1 ka\u017ed\u00fd a z\u00e1rove\u0148 je to vlastne perfektn\u00fd n\u00e1pad na o\u017eivenie celkov\u00e9ho dojmu va\u0161ej ob\u00fdva\u010dky. Modr\u00e1 seda\u010dka bude hitom bud\u00facej sez\u00f3ny, tak si ju zaobstarajte u\u017e teraz a rozhodne nebudete \u013eutova\u0165.                                                                                                                                                                                                                                                                                                                                                                                          4.3\/5 - (9 votes)        "},{"@context":"https:\/\/schema.org\/","@type":"BreadcrumbList","itemListElement":[{"@type":"ListItem","position":1,"name":"O\u017eivenie interi\u00e9ru","item":"https:\/\/www.dyana.sk\/ozivenie-interieru\/#breadcrumbitem"}]}]