[{"@context":"https:\/\/schema.org\/","@type":"Blog","@id":"https:\/\/www.dyana.sk#Blog","headline":"Dyana","description":"\nSpropagujte svoje podnikanie. Jednou z\u00a0mo\u017enost\u00ed s\u00fa PR \u010dl\u00e1nky. Ak si ich nech\u00e1te uverejni\u0165 v\u00a0na\u0161om magaz\u00edne, m\u00e1te istotu, \u017ee sa dostan\u00fa k\u00a0t\u00fdm prav\u00fdm osob\u00e1m.","url":"https:\/\/www.dyana.sk","hasPart":[{"@type":"Article","@id":"https:\/\/www.dyana.sk\/krasny-a-vkusny-krb\/","headline":"Kr\u00e1sny a vkusn\u00fd krb","url":"https:\/\/www.dyana.sk\/krasny-a-vkusny-krb\/","datePublished":"2020-03-24","dateModified":"2023-10-23","mainEntityOfPage":"https:\/\/www.dyana.sk\/krasny-a-vkusny-krb\/","author":{"@type":"Person","@id":"https:\/\/www.dyana.sk\/author\/devene\/#Person","name":"devene","url":"https:\/\/www.dyana.sk\/author\/devene\/","identifier":1,"image":{"@type":"ImageObject","@id":"https:\/\/secure.gravatar.com\/avatar\/d61351daa6b4b113e92ed2d39ca84063b8a3419e3b611b82557c5b9e6ade1cef?s=96&d=mm&r=g","url":"https:\/\/secure.gravatar.com\/avatar\/d61351daa6b4b113e92ed2d39ca84063b8a3419e3b611b82557c5b9e6ade1cef?s=96&d=mm&r=g","height":96,"width":96}},"publisher":{"@type":"Organization","name":"dyana.sk","logo":{"@type":"ImageObject","@id":"\/logo.png","url":"\/logo.png","width":600,"height":60}},"image":{"@type":"ImageObject","@id":"https:\/\/www.dyana.sk\/wp-content\/uploads\/1444-1280x720.jpg","url":"https:\/\/www.dyana.sk\/wp-content\/uploads\/1444-1280x720.jpg","height":0,"width":0},"wordCount":550,"keywords":null},{"@type":"Article","@id":"https:\/\/www.dyana.sk\/presklene-steny-a-kryte-chodniky-prelinaju-izraelsky-dom-a-zahradu\/","headline":"Presklen\u00e9 steny a kryt\u00e9 chodn\u00edky prel\u00ednaj\u00fa izraelsk\u00fd dom a z\u00e1hradu","url":"https:\/\/www.dyana.sk\/presklene-steny-a-kryte-chodniky-prelinaju-izraelsky-dom-a-zahradu\/","datePublished":"2020-03-18","dateModified":"2023-04-28","mainEntityOfPage":"https:\/\/www.dyana.sk\/presklene-steny-a-kryte-chodniky-prelinaju-izraelsky-dom-a-zahradu\/","author":{"@type":"Person","@id":"https:\/\/www.dyana.sk\/author\/devene\/#Person","name":"devene","url":"https:\/\/www.dyana.sk\/author\/devene\/","identifier":1,"image":{"@type":"ImageObject","@id":"https:\/\/secure.gravatar.com\/avatar\/d61351daa6b4b113e92ed2d39ca84063b8a3419e3b611b82557c5b9e6ade1cef?s=96&d=mm&r=g","url":"https:\/\/secure.gravatar.com\/avatar\/d61351daa6b4b113e92ed2d39ca84063b8a3419e3b611b82557c5b9e6ade1cef?s=96&d=mm&r=g","height":96,"width":96}},"publisher":{"@type":"Organization","name":"dyana.sk","logo":{"@type":"ImageObject","@id":"\/logo.png","url":"\/logo.png","width":600,"height":60}},"image":{"@type":"ImageObject","@id":"https:\/\/www.dyana.sk\/wp-content\/uploads\/img_a311068_w16913_t1585205147.jpg","url":"https:\/\/www.dyana.sk\/wp-content\/uploads\/img_a311068_w16913_t1585205147.jpg","height":0,"width":0},"wordCount":448,"keywords":null},{"@type":"Article","@id":"https:\/\/www.dyana.sk\/tesla-ignoroval-odporucania-bezpecnostnej-rady-autopilot-hovori-predseda\/","headline":"Tesla ignoroval odpor\u00fa\u010dania bezpe\u010dnostnej rady Autopilot, hovor\u00ed predseda","url":"https:\/\/www.dyana.sk\/tesla-ignoroval-odporucania-bezpecnostnej-rady-autopilot-hovori-predseda\/","datePublished":"2020-03-16","dateModified":"2023-04-28","mainEntityOfPage":"https:\/\/www.dyana.sk\/tesla-ignoroval-odporucania-bezpecnostnej-rady-autopilot-hovori-predseda\/","author":{"@type":"Person","@id":"https:\/\/www.dyana.sk\/author\/devene\/#Person","name":"devene","url":"https:\/\/www.dyana.sk\/author\/devene\/","identifier":1,"image":{"@type":"ImageObject","@id":"https:\/\/secure.gravatar.com\/avatar\/d61351daa6b4b113e92ed2d39ca84063b8a3419e3b611b82557c5b9e6ade1cef?s=96&d=mm&r=g","url":"https:\/\/secure.gravatar.com\/avatar\/d61351daa6b4b113e92ed2d39ca84063b8a3419e3b611b82557c5b9e6ade1cef?s=96&d=mm&r=g","height":96,"width":96}},"publisher":{"@type":"Organization","name":"dyana.sk","logo":{"@type":"ImageObject","@id":"\/logo.png","url":"\/logo.png","width":600,"height":60}},"image":{"@type":"ImageObject","@id":"https:\/\/www.dyana.sk\/wp-content\/uploads\/img_a310921_w16907_t1585034722.jpg","url":"https:\/\/www.dyana.sk\/wp-content\/uploads\/img_a310921_w16907_t1585034722.jpg","height":0,"width":0},"wordCount":487,"keywords":null},{"@type":"Article","@id":"https:\/\/www.dyana.sk\/boj-amazonu-proti-danovemu-poriadku-eu-vo-vyske-277-milionov-dolarov\/","headline":"Boj Amazonu proti da\u0148ov\u00e9mu poriadku E\u00da vo v\u00fd\u0161ke 277 mili\u00f3nov dol\u00e1rov","url":"https:\/\/www.dyana.sk\/boj-amazonu-proti-danovemu-poriadku-eu-vo-vyske-277-milionov-dolarov\/","datePublished":"2020-03-12","dateModified":"2023-04-28","mainEntityOfPage":"https:\/\/www.dyana.sk\/boj-amazonu-proti-danovemu-poriadku-eu-vo-vyske-277-milionov-dolarov\/","author":{"@type":"Person","@id":"https:\/\/www.dyana.sk\/author\/devene\/#Person","name":"devene","url":"https:\/\/www.dyana.sk\/author\/devene\/","identifier":1,"image":{"@type":"ImageObject","@id":"https:\/\/secure.gravatar.com\/avatar\/d61351daa6b4b113e92ed2d39ca84063b8a3419e3b611b82557c5b9e6ade1cef?s=96&d=mm&r=g","url":"https:\/\/secure.gravatar.com\/avatar\/d61351daa6b4b113e92ed2d39ca84063b8a3419e3b611b82557c5b9e6ade1cef?s=96&d=mm&r=g","height":96,"width":96}},"publisher":{"@type":"Organization","name":"dyana.sk","logo":{"@type":"ImageObject","@id":"\/logo.png","url":"\/logo.png","width":600,"height":60}},"image":{"@type":"ImageObject","@id":"https:\/\/www.dyana.sk\/wp-content\/uploads\/img_a310973_w16901_t1585119908.jpg","url":"https:\/\/www.dyana.sk\/wp-content\/uploads\/img_a310973_w16901_t1585119908.jpg","height":0,"width":0},"wordCount":437,"keywords":null},{"@type":"Article","@id":"https:\/\/www.dyana.sk\/tesla-stavia-novu-tovaren-v-nemecku\/","headline":"Tesla stavia nov\u00fa tov\u00e1re\u0148 v Nemecku","url":"https:\/\/www.dyana.sk\/tesla-stavia-novu-tovaren-v-nemecku\/","datePublished":"2020-03-11","dateModified":"2023-04-28","mainEntityOfPage":"https:\/\/www.dyana.sk\/tesla-stavia-novu-tovaren-v-nemecku\/","author":{"@type":"Person","@id":"https:\/\/www.dyana.sk\/author\/devene\/#Person","name":"devene","url":"https:\/\/www.dyana.sk\/author\/devene\/","identifier":1,"image":{"@type":"ImageObject","@id":"https:\/\/secure.gravatar.com\/avatar\/d61351daa6b4b113e92ed2d39ca84063b8a3419e3b611b82557c5b9e6ade1cef?s=96&d=mm&r=g","url":"https:\/\/secure.gravatar.com\/avatar\/d61351daa6b4b113e92ed2d39ca84063b8a3419e3b611b82557c5b9e6ade1cef?s=96&d=mm&r=g","height":96,"width":96}},"publisher":{"@type":"Organization","name":"dyana.sk","logo":{"@type":"ImageObject","@id":"\/logo.png","url":"\/logo.png","width":600,"height":60}},"image":{"@type":"ImageObject","@id":"https:\/\/www.dyana.sk\/wp-content\/uploads\/img_a310631_w16901_t1583765697.jpg","url":"https:\/\/www.dyana.sk\/wp-content\/uploads\/img_a310631_w16901_t1583765697.jpg","height":0,"width":0},"wordCount":434,"keywords":null},{"@type":"Article","@id":"https:\/\/www.dyana.sk\/zabodovat-mozete-aj-v-nohavicovom-kostyme-treba-vsak-dodrzat-zopar-zakladnych-pravidiel\/","headline":"Zabodova\u0165 m\u00f4\u017eete aj v nohavicovom kost\u00fdme, treba v\u0161ak dodr\u017ea\u0165 zop\u00e1r z\u00e1kladn\u00fdch pravidiel","url":"https:\/\/www.dyana.sk\/zabodovat-mozete-aj-v-nohavicovom-kostyme-treba-vsak-dodrzat-zopar-zakladnych-pravidiel\/","datePublished":"2020-03-02","dateModified":"2023-04-28","mainEntityOfPage":"https:\/\/www.dyana.sk\/zabodovat-mozete-aj-v-nohavicovom-kostyme-treba-vsak-dodrzat-zopar-zakladnych-pravidiel\/","author":{"@type":"Person","@id":"https:\/\/www.dyana.sk\/author\/devene\/#Person","name":"devene","url":"https:\/\/www.dyana.sk\/author\/devene\/","identifier":1,"image":{"@type":"ImageObject","@id":"https:\/\/secure.gravatar.com\/avatar\/d61351daa6b4b113e92ed2d39ca84063b8a3419e3b611b82557c5b9e6ade1cef?s=96&d=mm&r=g","url":"https:\/\/secure.gravatar.com\/avatar\/d61351daa6b4b113e92ed2d39ca84063b8a3419e3b611b82557c5b9e6ade1cef?s=96&d=mm&r=g","height":96,"width":96}},"publisher":{"@type":"Organization","name":"dyana.sk","logo":{"@type":"ImageObject","@id":"\/logo.png","url":"\/logo.png","width":600,"height":60}},"image":{"@type":"ImageObject","@id":"https:\/\/www.dyana.sk\/wp-content\/uploads\/img_a310695_w16901_t1583918063.jpg","url":"https:\/\/www.dyana.sk\/wp-content\/uploads\/img_a310695_w16901_t1583918063.jpg","height":0,"width":0},"wordCount":504,"keywords":null},{"@type":"Article","@id":"https:\/\/www.dyana.sk\/samovolne-zrychlovanie-vozidiel-tesly-skutocne-nebezpecenstvo-alebo-iba-fama\/","headline":"Samovo\u013en\u00e9 zr\u00fdch\u013eovanie vozidiel Tesly \u2013 skuto\u010dn\u00e9 nebezpe\u010denstvo alebo iba f\u00e1ma?","url":"https:\/\/www.dyana.sk\/samovolne-zrychlovanie-vozidiel-tesly-skutocne-nebezpecenstvo-alebo-iba-fama\/","datePublished":"2020-02-22","dateModified":"2023-04-28","mainEntityOfPage":"https:\/\/www.dyana.sk\/samovolne-zrychlovanie-vozidiel-tesly-skutocne-nebezpecenstvo-alebo-iba-fama\/","author":{"@type":"Person","@id":"https:\/\/www.dyana.sk\/author\/devene\/#Person","name":"devene","url":"https:\/\/www.dyana.sk\/author\/devene\/","identifier":1,"image":{"@type":"ImageObject","@id":"https:\/\/secure.gravatar.com\/avatar\/d61351daa6b4b113e92ed2d39ca84063b8a3419e3b611b82557c5b9e6ade1cef?s=96&d=mm&r=g","url":"https:\/\/secure.gravatar.com\/avatar\/d61351daa6b4b113e92ed2d39ca84063b8a3419e3b611b82557c5b9e6ade1cef?s=96&d=mm&r=g","height":96,"width":96}},"publisher":{"@type":"Organization","name":"dyana.sk","logo":{"@type":"ImageObject","@id":"\/logo.png","url":"\/logo.png","width":600,"height":60}},"image":{"@type":"ImageObject","@id":"https:\/\/www.dyana.sk\/wp-content\/uploads\/img_a310409_w16901_t1582649843.jpg","url":"https:\/\/www.dyana.sk\/wp-content\/uploads\/img_a310409_w16901_t1582649843.jpg","height":0,"width":0},"wordCount":484,"keywords":null},{"@type":"Article","@id":"https:\/\/www.dyana.sk\/citronovnik-prijemne-osviezi-vas-domov\/","headline":"Citr\u00f3novn\u00edk pr\u00edjemne osvie\u017ei v\u00e1\u0161 domov","url":"https:\/\/www.dyana.sk\/citronovnik-prijemne-osviezi-vas-domov\/","datePublished":"2020-02-19","dateModified":"2023-04-28","mainEntityOfPage":"https:\/\/www.dyana.sk\/citronovnik-prijemne-osviezi-vas-domov\/","author":{"@type":"Person","@id":"https:\/\/www.dyana.sk\/author\/devene\/#Person","name":"devene","url":"https:\/\/www.dyana.sk\/author\/devene\/","identifier":1,"image":{"@type":"ImageObject","@id":"https:\/\/secure.gravatar.com\/avatar\/d61351daa6b4b113e92ed2d39ca84063b8a3419e3b611b82557c5b9e6ade1cef?s=96&d=mm&r=g","url":"https:\/\/secure.gravatar.com\/avatar\/d61351daa6b4b113e92ed2d39ca84063b8a3419e3b611b82557c5b9e6ade1cef?s=96&d=mm&r=g","height":96,"width":96}},"publisher":{"@type":"Organization","name":"dyana.sk","logo":{"@type":"ImageObject","@id":"\/logo.png","url":"\/logo.png","width":600,"height":60}},"image":{"@type":"ImageObject","@id":"https:\/\/www.dyana.sk\/wp-content\/uploads\/img_a310365_w16901_t1582641879.jpg","url":"https:\/\/www.dyana.sk\/wp-content\/uploads\/img_a310365_w16901_t1582641879.jpg","height":0,"width":0},"wordCount":544,"keywords":null},{"@type":"Article","@id":"https:\/\/www.dyana.sk\/zahrady-v-teplejsich-oblastiach-slovenska-su-vhodnym-miestom-na-pestovanie-mandli\/","headline":"Z\u00e1hrady v teplej\u0161\u00edch oblastiach Slovenska s\u00fa vhodn\u00fdm miestom na pestovanie mandl\u00ed","url":"https:\/\/www.dyana.sk\/zahrady-v-teplejsich-oblastiach-slovenska-su-vhodnym-miestom-na-pestovanie-mandli\/","datePublished":"2020-02-16","dateModified":"2023-04-28","mainEntityOfPage":"https:\/\/www.dyana.sk\/zahrady-v-teplejsich-oblastiach-slovenska-su-vhodnym-miestom-na-pestovanie-mandli\/","author":{"@type":"Person","@id":"https:\/\/www.dyana.sk\/author\/devene\/#Person","name":"devene","url":"https:\/\/www.dyana.sk\/author\/devene\/","identifier":1,"image":{"@type":"ImageObject","@id":"https:\/\/secure.gravatar.com\/avatar\/d61351daa6b4b113e92ed2d39ca84063b8a3419e3b611b82557c5b9e6ade1cef?s=96&d=mm&r=g","url":"https:\/\/secure.gravatar.com\/avatar\/d61351daa6b4b113e92ed2d39ca84063b8a3419e3b611b82557c5b9e6ade1cef?s=96&d=mm&r=g","height":96,"width":96}},"publisher":{"@type":"Organization","name":"dyana.sk","logo":{"@type":"ImageObject","@id":"\/logo.png","url":"\/logo.png","width":600,"height":60}},"image":{"@type":"ImageObject","@id":"https:\/\/www.dyana.sk\/wp-content\/uploads\/img_a310447_w16901_t1582741976.jpg","url":"https:\/\/www.dyana.sk\/wp-content\/uploads\/img_a310447_w16901_t1582741976.jpg","height":0,"width":0},"wordCount":479,"keywords":null},{"@type":"Article","@id":"https:\/\/www.dyana.sk\/novy-plan-od-spolocnosti-uber-na-dosiahnutie-ziskovosti-vyzdvihuje-ocenenie-od-wall-streetu\/","headline":"Nov\u00fd pl\u00e1n od spolo\u010dnosti Uber na dosiahnutie ziskovosti vyzdvihuje ocenenie od Wall Streetu","url":"https:\/\/www.dyana.sk\/novy-plan-od-spolocnosti-uber-na-dosiahnutie-ziskovosti-vyzdvihuje-ocenenie-od-wall-streetu\/","datePublished":"2020-02-15","dateModified":"2023-04-28","mainEntityOfPage":"https:\/\/www.dyana.sk\/novy-plan-od-spolocnosti-uber-na-dosiahnutie-ziskovosti-vyzdvihuje-ocenenie-od-wall-streetu\/","author":{"@type":"Person","@id":"https:\/\/www.dyana.sk\/author\/devene\/#Person","name":"devene","url":"https:\/\/www.dyana.sk\/author\/devene\/","identifier":1,"image":{"@type":"ImageObject","@id":"https:\/\/secure.gravatar.com\/avatar\/d61351daa6b4b113e92ed2d39ca84063b8a3419e3b611b82557c5b9e6ade1cef?s=96&d=mm&r=g","url":"https:\/\/secure.gravatar.com\/avatar\/d61351daa6b4b113e92ed2d39ca84063b8a3419e3b611b82557c5b9e6ade1cef?s=96&d=mm&r=g","height":96,"width":96}},"publisher":{"@type":"Organization","name":"dyana.sk","logo":{"@type":"ImageObject","@id":"\/logo.png","url":"\/logo.png","width":600,"height":60}},"image":{"@type":"ImageObject","@id":"https:\/\/www.dyana.sk\/wp-content\/uploads\/img_a310530_w16901_t1582914479.jpg","url":"https:\/\/www.dyana.sk\/wp-content\/uploads\/img_a310530_w16901_t1582914479.jpg","height":0,"width":0},"wordCount":428,"keywords":null}]},{"@context":"https:\/\/schema.org","@type":"WebSite","@id":"https:\/\/www.dyana.sk\/#website","name":"Dyana","url":"https:\/\/www.dyana.sk","potentialAction":{"@type":"SearchAction","target":"https:\/\/www.dyana.sk\/?s={search_term_string}","query-input":"required name=search_term_string"}}]